{"id":41,"date":"2024-01-02T13:32:31","date_gmt":"2024-01-02T16:32:31","guid":{"rendered":"https:\/\/flaviapereira.com\/?p=41"},"modified":"2026-01-01T19:14:10","modified_gmt":"2026-01-01T22:14:10","slug":"o-mito-do-jazz-puro","status":"publish","type":"post","link":"https:\/\/flaviapereira.com\/index.php\/2024\/01\/02\/o-mito-do-jazz-puro\/","title":{"rendered":"O mito do Jazz puro"},"content":{"rendered":"\n<p>O<em> jazz<\/em> \u00e9 um movimento social que teve como modo de express\u00e3o a dan\u00e7a, m\u00fasica e o canto. Come\u00e7ou quando pessoas negras ainda eram escravizadas nos Estados Unidos e que em suas festividades uniam os ritmos que j\u00e1 praticavam em seus territ\u00f3rios em \u00c1frica, com as influ\u00eancias de sons europeus, principalmente da Fran\u00e7a, pa\u00eds que foi um dos primeiros a explorar a regi\u00e3o de Nova Orleans, cidade considerada o ber\u00e7o do jazz.&nbsp;<\/p>\n\n\n\n<p>Transitou pelas bandas marciais e uma de suas primeiras vertentes vem desse cruzamento entre a cultura afro-estadunidense com a europeia, fazendo do <strong>ragtime<\/strong> o ritmo que embalava o come\u00e7o do s\u00e9culo XX.<\/p>\n\n\n\n<p>Com o passar dos anos, conforme foram surgindo novas influ\u00eancias e tend\u00eancias, o jazz que foi por d\u00e9cadas a m\u00fasica pop dos Estados Unidos, foi se transformando, at\u00e9 que uma de suas ramifica\u00e7\u00f5es foi se configurando no <em>rock &amp; roll<\/em>.&nbsp;<\/p>\n\n\n\n<p>Por ser um movimento cultural oriundo do povo, passou por diversas mudan\u00e7as durante todos esses anos de exist\u00eancia. Mas ainda hoje, os registros dessas mudan\u00e7as s\u00e3o escassos, principalmente na dan\u00e7a, onde o conhecimento fica apenas por conta da oralidade, andando na contram\u00e3o do estudo do pr\u00f3prio jazz. O que existe al\u00e9m da \u00e1rea musical, s\u00e3o livros, artigos e teses que possuem apenas a vis\u00e3o social-antropol\u00f3gica e datadas at\u00e9 um per\u00edodo muito atrasado \u00e0 realidade art\u00edstica do jazz, ou biografias de nomes que foram importantes.<\/p>\n\n\n\n<p>Na m\u00fasica, o conceito de pureza se aproxima muito da era bebop e p\u00f3s-bebop, que foi justamente a grande fase em que a dan\u00e7a e a m\u00fasica se tornaram assumidamente independentes uma da outra. Na dan\u00e7a, apesar de hoje existirem vertentes onde se faz ao som de bebop (Jazz Rock e UK Jazz), muito se considera como refer\u00eancia de Jazz Dance o que vem ap\u00f3s a apropria\u00e7\u00e3o branca dentro do universo da Broadway, mesmo que o Jazz dan\u00e7ado ao som de swing continuasse a existir na cultura negra estadunidense.<\/p>\n\n\n\n<p>No Brasil, a dan\u00e7a Jazz ficou conhecida e popularizada durante a d\u00e9cada de 1980, principalmente pela televis\u00e3o, nos programas de audit\u00f3rio e nas aberturas de novelas. Bailarinos e professores brasileiros faziam viagens aos Estados Unidos para terem aulas de jazz em escolas como o Joffrey Ballet School e o Jojo\u2019s Dance Factory, em Nova Iorque, e traziam os conhecimentos adquiridos, adicionando seus pr\u00f3prios entendimentos e caracter\u00edsticas.<\/p>\n\n\n\n<p>O grande problema disso, \u00e9 que essa dan\u00e7a Jazz desses espa\u00e7os, embora protagonizada e ofertada por professores negros (Jojo Smith, Frank Hatchatt), j\u00e1 era algo que tinha passado pela peneira do embranquecimento e dos profissionais brancos da \u00e9poca (Luigi, Gus Giordano), nenhum citava suas refer\u00eancias e influ\u00eancias negras. Parte por pura omiss\u00e3o estrutural, parte por Jack Cole, erroneamente considerado por alguns como o &#8220;pai&#8221; do Jazz, ao trazer essa outra linguagem para a Broadway, no que inicialmente chamou de Dan\u00e7a Teatral (Theatrical Dance), n\u00e3o citou de onde e de quem vinham suas inspira\u00e7\u00f5es &#8220;revolucion\u00e1rias&#8221;.<\/p>\n\n\n\n<p>Atualmente, as pessoas tem estado mais atentas e ativas no entendimento do que seria a cultura do Jazz, sobretudo na dan\u00e7a. As pessoas est\u00e3o se interessando mais em conhecer sua origem, embora poucas apliquem em seus trabalhos e continuem vendendo uma dan\u00e7a Jazz que n\u00e3o se conecta em nada com as swing dances, principalmente o Lindy Hop.\u00a0<\/p>\n\n\n\n<p>\u00c9 uma hist\u00f3ria recente, apenas 100 anos, que sofreu diversos atravessamentos sociais e de ra\u00e7a. Dito isso, \u00e9 importante lembrar que \u00e9 uma dan\u00e7a que surgiu da di\u00e1spora negra nos Estados Unidos, de pessoas que foram escravizadas e de seus descendentes. \u00c9 uma dan\u00e7a que representa resist\u00eancia e identidade e isso deve ser sempre respeitado e protagonizado por quem se aproxima disso.&nbsp;<\/p>\n","protected":false},"excerpt":{"rendered":"<p>O jazz \u00e9 um movimento social que teve como modo de express\u00e3o a dan\u00e7a, m\u00fasica e o canto. Come\u00e7ou quando pessoas negras ainda eram escravizadas nos Estados Unidos e que &hellip; <a href=\"https:\/\/flaviapereira.com\/index.php\/2024\/01\/02\/o-mito-do-jazz-puro\/\" class=\"more-link\"><span>Continue reading<span class=\"screen-reader-text\">O mito do Jazz puro<\/span><\/span><\/a><\/p>\n","protected":false},"author":1,"featured_media":0,"comment_status":"closed","ping_status":"closed","sticky":false,"template":"","format":"standard","meta":{"om_disable_all_campaigns":false,"_monsterinsights_skip_tracking":false,"_monsterinsights_sitenote_active":false,"_monsterinsights_sitenote_note":"","_monsterinsights_sitenote_category":0,"footnotes":""},"categories":[1],"tags":[5,6,7,9,10],"class_list":["post-41","post","type-post","status-publish","format-standard","hentry","category-blog","tag-flavia-pereira","tag-jazz","tag-jazz-dance","tag-jazz-musica","tag-new-york"],"yoast_head":"<!-- This site is optimized with the Yoast SEO plugin v26.9 - https:\/\/yoast.com\/product\/yoast-seo-wordpress\/ -->\n<title>O mito do Jazz puro -<\/title>\n<meta name=\"robots\" content=\"index, follow, max-snippet:-1, max-image-preview:large, max-video-preview:-1\" \/>\n<link rel=\"canonical\" href=\"https:\/\/flaviapereira.com\/index.php\/2024\/01\/02\/o-mito-do-jazz-puro\/\" \/>\n<meta property=\"og:locale\" content=\"pt_BR\" \/>\n<meta property=\"og:type\" content=\"article\" \/>\n<meta property=\"og:title\" content=\"O mito do Jazz puro -\" \/>\n<meta property=\"og:description\" content=\"O jazz \u00e9 um movimento social que teve como modo de express\u00e3o a dan\u00e7a, m\u00fasica e o canto. Come\u00e7ou quando pessoas negras ainda eram escravizadas nos Estados Unidos e que &hellip; Continue readingO mito do Jazz puro\" \/>\n<meta property=\"og:url\" content=\"https:\/\/flaviapereira.com\/index.php\/2024\/01\/02\/o-mito-do-jazz-puro\/\" \/>\n<meta property=\"article:published_time\" content=\"2024-01-02T16:32:31+00:00\" \/>\n<meta property=\"article:modified_time\" content=\"2026-01-01T22:14:10+00:00\" \/>\n<meta name=\"author\" content=\"FlaP\u00ea\" \/>\n<meta name=\"twitter:card\" content=\"summary_large_image\" \/>\n<meta name=\"twitter:label1\" content=\"Escrito por\" \/>\n\t<meta name=\"twitter:data1\" content=\"FlaP\u00ea\" \/>\n\t<meta name=\"twitter:label2\" content=\"Est. tempo de leitura\" \/>\n\t<meta name=\"twitter:data2\" content=\"3 minutos\" \/>\n<script type=\"application\/ld+json\" class=\"yoast-schema-graph\">{\"@context\":\"https:\/\/schema.org\",\"@graph\":[{\"@type\":\"Article\",\"@id\":\"https:\/\/flaviapereira.com\/index.php\/2024\/01\/02\/o-mito-do-jazz-puro\/#article\",\"isPartOf\":{\"@id\":\"https:\/\/flaviapereira.com\/index.php\/2024\/01\/02\/o-mito-do-jazz-puro\/\"},\"author\":{\"name\":\"FlaP\u00ea\",\"@id\":\"https:\/\/flaviapereira.com\/#\/schema\/person\/89c2708ac1e101a7b9c2985c7a38b4a6\"},\"headline\":\"O mito do Jazz puro\",\"datePublished\":\"2024-01-02T16:32:31+00:00\",\"dateModified\":\"2026-01-01T22:14:10+00:00\",\"mainEntityOfPage\":{\"@id\":\"https:\/\/flaviapereira.com\/index.php\/2024\/01\/02\/o-mito-do-jazz-puro\/\"},\"wordCount\":660,\"keywords\":[\"flavia pereira\",\"jazz\",\"jazz dance\",\"jazz m\u00fasica\",\"new york\"],\"articleSection\":[\"Blog\"],\"inLanguage\":\"pt-BR\"},{\"@type\":\"WebPage\",\"@id\":\"https:\/\/flaviapereira.com\/index.php\/2024\/01\/02\/o-mito-do-jazz-puro\/\",\"url\":\"https:\/\/flaviapereira.com\/index.php\/2024\/01\/02\/o-mito-do-jazz-puro\/\",\"name\":\"O mito do Jazz puro -\",\"isPartOf\":{\"@id\":\"https:\/\/flaviapereira.com\/#website\"},\"datePublished\":\"2024-01-02T16:32:31+00:00\",\"dateModified\":\"2026-01-01T22:14:10+00:00\",\"author\":{\"@id\":\"https:\/\/flaviapereira.com\/#\/schema\/person\/89c2708ac1e101a7b9c2985c7a38b4a6\"},\"breadcrumb\":{\"@id\":\"https:\/\/flaviapereira.com\/index.php\/2024\/01\/02\/o-mito-do-jazz-puro\/#breadcrumb\"},\"inLanguage\":\"pt-BR\",\"potentialAction\":[{\"@type\":\"ReadAction\",\"target\":[\"https:\/\/flaviapereira.com\/index.php\/2024\/01\/02\/o-mito-do-jazz-puro\/\"]}]},{\"@type\":\"BreadcrumbList\",\"@id\":\"https:\/\/flaviapereira.com\/index.php\/2024\/01\/02\/o-mito-do-jazz-puro\/#breadcrumb\",\"itemListElement\":[{\"@type\":\"ListItem\",\"position\":1,\"name\":\"Home\",\"item\":\"https:\/\/flaviapereira.com\/\"},{\"@type\":\"ListItem\",\"position\":2,\"name\":\"O mito do Jazz puro\"}]},{\"@type\":\"WebSite\",\"@id\":\"https:\/\/flaviapereira.com\/#website\",\"url\":\"https:\/\/flaviapereira.com\/\",\"name\":\"\",\"description\":\"\",\"potentialAction\":[{\"@type\":\"SearchAction\",\"target\":{\"@type\":\"EntryPoint\",\"urlTemplate\":\"https:\/\/flaviapereira.com\/?s={search_term_string}\"},\"query-input\":{\"@type\":\"PropertyValueSpecification\",\"valueRequired\":true,\"valueName\":\"search_term_string\"}}],\"inLanguage\":\"pt-BR\"},{\"@type\":\"Person\",\"@id\":\"https:\/\/flaviapereira.com\/#\/schema\/person\/89c2708ac1e101a7b9c2985c7a38b4a6\",\"name\":\"FlaP\u00ea\",\"image\":{\"@type\":\"ImageObject\",\"inLanguage\":\"pt-BR\",\"@id\":\"https:\/\/flaviapereira.com\/#\/schema\/person\/image\/\",\"url\":\"https:\/\/flaviapereira.com\/wp-content\/litespeed\/avatar\/01083e04261ebb90710d86f186a988fb.jpg?ver=1777426300\",\"contentUrl\":\"https:\/\/flaviapereira.com\/wp-content\/litespeed\/avatar\/01083e04261ebb90710d86f186a988fb.jpg?ver=1777426300\",\"caption\":\"FlaP\u00ea\"},\"sameAs\":[\"http:\/\/flaviapereira.com\"],\"url\":\"https:\/\/flaviapereira.com\/index.php\/author\/flaviapereira-com\/\"}]}<\/script>\n<!-- \/ Yoast SEO plugin. -->","yoast_head_json":{"title":"O mito do Jazz puro -","robots":{"index":"index","follow":"follow","max-snippet":"max-snippet:-1","max-image-preview":"max-image-preview:large","max-video-preview":"max-video-preview:-1"},"canonical":"https:\/\/flaviapereira.com\/index.php\/2024\/01\/02\/o-mito-do-jazz-puro\/","og_locale":"pt_BR","og_type":"article","og_title":"O mito do Jazz puro -","og_description":"O jazz \u00e9 um movimento social que teve como modo de express\u00e3o a dan\u00e7a, m\u00fasica e o canto. Come\u00e7ou quando pessoas negras ainda eram escravizadas nos Estados Unidos e que &hellip; Continue readingO mito do Jazz puro","og_url":"https:\/\/flaviapereira.com\/index.php\/2024\/01\/02\/o-mito-do-jazz-puro\/","article_published_time":"2024-01-02T16:32:31+00:00","article_modified_time":"2026-01-01T22:14:10+00:00","author":"FlaP\u00ea","twitter_card":"summary_large_image","twitter_misc":{"Escrito por":"FlaP\u00ea","Est. tempo de leitura":"3 minutos"},"schema":{"@context":"https:\/\/schema.org","@graph":[{"@type":"Article","@id":"https:\/\/flaviapereira.com\/index.php\/2024\/01\/02\/o-mito-do-jazz-puro\/#article","isPartOf":{"@id":"https:\/\/flaviapereira.com\/index.php\/2024\/01\/02\/o-mito-do-jazz-puro\/"},"author":{"name":"FlaP\u00ea","@id":"https:\/\/flaviapereira.com\/#\/schema\/person\/89c2708ac1e101a7b9c2985c7a38b4a6"},"headline":"O mito do Jazz puro","datePublished":"2024-01-02T16:32:31+00:00","dateModified":"2026-01-01T22:14:10+00:00","mainEntityOfPage":{"@id":"https:\/\/flaviapereira.com\/index.php\/2024\/01\/02\/o-mito-do-jazz-puro\/"},"wordCount":660,"keywords":["flavia pereira","jazz","jazz dance","jazz m\u00fasica","new york"],"articleSection":["Blog"],"inLanguage":"pt-BR"},{"@type":"WebPage","@id":"https:\/\/flaviapereira.com\/index.php\/2024\/01\/02\/o-mito-do-jazz-puro\/","url":"https:\/\/flaviapereira.com\/index.php\/2024\/01\/02\/o-mito-do-jazz-puro\/","name":"O mito do Jazz puro -","isPartOf":{"@id":"https:\/\/flaviapereira.com\/#website"},"datePublished":"2024-01-02T16:32:31+00:00","dateModified":"2026-01-01T22:14:10+00:00","author":{"@id":"https:\/\/flaviapereira.com\/#\/schema\/person\/89c2708ac1e101a7b9c2985c7a38b4a6"},"breadcrumb":{"@id":"https:\/\/flaviapereira.com\/index.php\/2024\/01\/02\/o-mito-do-jazz-puro\/#breadcrumb"},"inLanguage":"pt-BR","potentialAction":[{"@type":"ReadAction","target":["https:\/\/flaviapereira.com\/index.php\/2024\/01\/02\/o-mito-do-jazz-puro\/"]}]},{"@type":"BreadcrumbList","@id":"https:\/\/flaviapereira.com\/index.php\/2024\/01\/02\/o-mito-do-jazz-puro\/#breadcrumb","itemListElement":[{"@type":"ListItem","position":1,"name":"Home","item":"https:\/\/flaviapereira.com\/"},{"@type":"ListItem","position":2,"name":"O mito do Jazz puro"}]},{"@type":"WebSite","@id":"https:\/\/flaviapereira.com\/#website","url":"https:\/\/flaviapereira.com\/","name":"","description":"","potentialAction":[{"@type":"SearchAction","target":{"@type":"EntryPoint","urlTemplate":"https:\/\/flaviapereira.com\/?s={search_term_string}"},"query-input":{"@type":"PropertyValueSpecification","valueRequired":true,"valueName":"search_term_string"}}],"inLanguage":"pt-BR"},{"@type":"Person","@id":"https:\/\/flaviapereira.com\/#\/schema\/person\/89c2708ac1e101a7b9c2985c7a38b4a6","name":"FlaP\u00ea","image":{"@type":"ImageObject","inLanguage":"pt-BR","@id":"https:\/\/flaviapereira.com\/#\/schema\/person\/image\/","url":"https:\/\/flaviapereira.com\/wp-content\/litespeed\/avatar\/01083e04261ebb90710d86f186a988fb.jpg?ver=1777426300","contentUrl":"https:\/\/flaviapereira.com\/wp-content\/litespeed\/avatar\/01083e04261ebb90710d86f186a988fb.jpg?ver=1777426300","caption":"FlaP\u00ea"},"sameAs":["http:\/\/flaviapereira.com"],"url":"https:\/\/flaviapereira.com\/index.php\/author\/flaviapereira-com\/"}]}},"_links":{"self":[{"href":"https:\/\/flaviapereira.com\/index.php\/wp-json\/wp\/v2\/posts\/41","targetHints":{"allow":["GET"]}}],"collection":[{"href":"https:\/\/flaviapereira.com\/index.php\/wp-json\/wp\/v2\/posts"}],"about":[{"href":"https:\/\/flaviapereira.com\/index.php\/wp-json\/wp\/v2\/types\/post"}],"author":[{"embeddable":true,"href":"https:\/\/flaviapereira.com\/index.php\/wp-json\/wp\/v2\/users\/1"}],"replies":[{"embeddable":true,"href":"https:\/\/flaviapereira.com\/index.php\/wp-json\/wp\/v2\/comments?post=41"}],"version-history":[{"count":4,"href":"https:\/\/flaviapereira.com\/index.php\/wp-json\/wp\/v2\/posts\/41\/revisions"}],"predecessor-version":[{"id":105,"href":"https:\/\/flaviapereira.com\/index.php\/wp-json\/wp\/v2\/posts\/41\/revisions\/105"}],"wp:attachment":[{"href":"https:\/\/flaviapereira.com\/index.php\/wp-json\/wp\/v2\/media?parent=41"}],"wp:term":[{"taxonomy":"category","embeddable":true,"href":"https:\/\/flaviapereira.com\/index.php\/wp-json\/wp\/v2\/categories?post=41"},{"taxonomy":"post_tag","embeddable":true,"href":"https:\/\/flaviapereira.com\/index.php\/wp-json\/wp\/v2\/tags?post=41"}],"curies":[{"name":"wp","href":"https:\/\/api.w.org\/{rel}","templated":true}]}}