{"id":467,"date":"2026-04-30T09:10:46","date_gmt":"2026-04-30T12:10:46","guid":{"rendered":"https:\/\/flaviapereira.com\/?p=467"},"modified":"2026-04-30T09:10:46","modified_gmt":"2026-04-30T12:10:46","slug":"30-de-abril-dia-internacional-do-jazz","status":"publish","type":"post","link":"https:\/\/flaviapereira.com\/index.php\/2026\/04\/30\/30-de-abril-dia-internacional-do-jazz\/","title":{"rendered":"30 de abril: Dia Internacional do Jazz"},"content":{"rendered":"\n<p>Desde 2011, o dia 30 de abril \u00e9 o Dia Internacional do Jazz, uma ideia que nasceu atrav\u00e9s da UNESCO, junto do pianista Herbie Hancock.<\/p>\n\n\n\n<p>O jazz surgiu em Nova Orleans, no come\u00e7o do s\u00e9culo XX, com ra\u00edzes no blues, ragtime e nas mem\u00f3rias da m\u00fasica tradicional africana. Ou, pelo menos, no que dela sobreviveu nos Estados Unidos, guardada nas formas de express\u00e3o das pessoas escravizadas que dan\u00e7avam e tocavam no Congo Square.<\/p>\n\n\n\n<p>Com ritmos que livres e uma entrega genu\u00edna \u00e0 improvisa\u00e7\u00e3o, o jazz logo se fez espa\u00e7o. Uma ferramenta sonora para que m\u00fasicos pudessem falar de liberdade e equidade, numa luta contra o racismo e a discrimina\u00e7\u00e3o. E quanto mais expandia para fora dos Estados Unidos, mais do mundo entrava no Jazz, como os ritmos de Cuba e Brasil, por exemplo.<\/p>\n\n\n\n<p>Tornou-se um di\u00e1logo, onde cada int\u00e9rprete pode deixar seu pr\u00f3prio jeito de ser, seu tempero individual. O jazz celebra a individualidade. \u00c9 um terreno aberto onde se aprende que, mesmo na absoluta singularidade de cada um, \u00e9 poss\u00edvel ser aut\u00eantico e \u00fanico, ainda que em conjunto. O jazz sempre foi sobre trazer as pessoas para mais perto. Sobre quebrar barreiras e inspirar, sem pressa, a criatividade atrav\u00e9s das culturas.<\/p>\n\n\n\n<p>Ter uma data que rever\u00eancia a exist\u00eancia do Jazz, n\u00e3o s\u00f3 na m\u00fasica, mas tamb\u00e9m na dan\u00e7a, \u00e9 uma forma de n\u00e3o apenas manter viva a cultura, mas de lembrar que desde sua primeira apari\u00e7\u00e3o, sempre esteve vivo e atualizado, acolhendo as individualidades e respeitando o coletivo.<\/p>\n\n\n\n<p><\/p>\n","protected":false},"excerpt":{"rendered":"<p>Desde 2011, o dia 30 de abril \u00e9 o Dia Internacional do Jazz, uma ideia que nasceu atrav\u00e9s da UNESCO, junto do pianista Herbie Hancock. O jazz surgiu em Nova &hellip; <a href=\"https:\/\/flaviapereira.com\/index.php\/2026\/04\/30\/30-de-abril-dia-internacional-do-jazz\/\" class=\"more-link\"><span>Continue reading<span class=\"screen-reader-text\">30 de abril: Dia Internacional do Jazz<\/span><\/span><\/a><\/p>\n","protected":false},"author":1,"featured_media":0,"comment_status":"open","ping_status":"open","sticky":false,"template":"","format":"standard","meta":{"om_disable_all_campaigns":false,"_monsterinsights_skip_tracking":false,"_monsterinsights_sitenote_active":false,"_monsterinsights_sitenote_note":"","_monsterinsights_sitenote_category":0,"footnotes":""},"categories":[1],"tags":[63,64,22,6,7],"class_list":["post-467","post","type-post","status-publish","format-standard","hentry","category-blog","tag-dia-do-jazz","tag-dia-internacional-do-jazz","tag-flape","tag-jazz","tag-jazz-dance"],"yoast_head":"<!-- This site is optimized with the Yoast SEO plugin v26.9 - https:\/\/yoast.com\/product\/yoast-seo-wordpress\/ -->\n<title>30 de abril: Dia Internacional do Jazz -<\/title>\n<meta name=\"robots\" content=\"index, follow, max-snippet:-1, max-image-preview:large, max-video-preview:-1\" \/>\n<link rel=\"canonical\" href=\"https:\/\/flaviapereira.com\/index.php\/2026\/04\/30\/30-de-abril-dia-internacional-do-jazz\/\" \/>\n<meta property=\"og:locale\" content=\"pt_BR\" \/>\n<meta property=\"og:type\" content=\"article\" \/>\n<meta property=\"og:title\" content=\"30 de abril: Dia Internacional do Jazz -\" \/>\n<meta property=\"og:description\" content=\"Desde 2011, o dia 30 de abril \u00e9 o Dia Internacional do Jazz, uma ideia que nasceu atrav\u00e9s da UNESCO, junto do pianista Herbie Hancock. O jazz surgiu em Nova &hellip; Continue reading30 de abril: Dia Internacional do Jazz\" \/>\n<meta property=\"og:url\" content=\"https:\/\/flaviapereira.com\/index.php\/2026\/04\/30\/30-de-abril-dia-internacional-do-jazz\/\" \/>\n<meta property=\"article:published_time\" content=\"2026-04-30T12:10:46+00:00\" \/>\n<meta name=\"author\" content=\"FlaP\u00ea\" \/>\n<meta name=\"twitter:card\" content=\"summary_large_image\" \/>\n<meta name=\"twitter:label1\" content=\"Escrito por\" \/>\n\t<meta name=\"twitter:data1\" content=\"FlaP\u00ea\" \/>\n\t<meta name=\"twitter:label2\" content=\"Est. tempo de leitura\" \/>\n\t<meta name=\"twitter:data2\" content=\"2 minutos\" \/>\n<script type=\"application\/ld+json\" class=\"yoast-schema-graph\">{\"@context\":\"https:\/\/schema.org\",\"@graph\":[{\"@type\":\"Article\",\"@id\":\"https:\/\/flaviapereira.com\/index.php\/2026\/04\/30\/30-de-abril-dia-internacional-do-jazz\/#article\",\"isPartOf\":{\"@id\":\"https:\/\/flaviapereira.com\/index.php\/2026\/04\/30\/30-de-abril-dia-internacional-do-jazz\/\"},\"author\":{\"name\":\"FlaP\u00ea\",\"@id\":\"https:\/\/flaviapereira.com\/#\/schema\/person\/89c2708ac1e101a7b9c2985c7a38b4a6\"},\"headline\":\"30 de abril: Dia Internacional do Jazz\",\"datePublished\":\"2026-04-30T12:10:46+00:00\",\"mainEntityOfPage\":{\"@id\":\"https:\/\/flaviapereira.com\/index.php\/2026\/04\/30\/30-de-abril-dia-internacional-do-jazz\/\"},\"wordCount\":275,\"commentCount\":0,\"keywords\":[\"dia do jazz\",\"dia internacional do jazz\",\"flap\u00ea\",\"jazz\",\"jazz dance\"],\"articleSection\":[\"Blog\"],\"inLanguage\":\"pt-BR\",\"potentialAction\":[{\"@type\":\"CommentAction\",\"name\":\"Comment\",\"target\":[\"https:\/\/flaviapereira.com\/index.php\/2026\/04\/30\/30-de-abril-dia-internacional-do-jazz\/#respond\"]}]},{\"@type\":\"WebPage\",\"@id\":\"https:\/\/flaviapereira.com\/index.php\/2026\/04\/30\/30-de-abril-dia-internacional-do-jazz\/\",\"url\":\"https:\/\/flaviapereira.com\/index.php\/2026\/04\/30\/30-de-abril-dia-internacional-do-jazz\/\",\"name\":\"30 de abril: Dia Internacional do Jazz -\",\"isPartOf\":{\"@id\":\"https:\/\/flaviapereira.com\/#website\"},\"datePublished\":\"2026-04-30T12:10:46+00:00\",\"author\":{\"@id\":\"https:\/\/flaviapereira.com\/#\/schema\/person\/89c2708ac1e101a7b9c2985c7a38b4a6\"},\"breadcrumb\":{\"@id\":\"https:\/\/flaviapereira.com\/index.php\/2026\/04\/30\/30-de-abril-dia-internacional-do-jazz\/#breadcrumb\"},\"inLanguage\":\"pt-BR\",\"potentialAction\":[{\"@type\":\"ReadAction\",\"target\":[\"https:\/\/flaviapereira.com\/index.php\/2026\/04\/30\/30-de-abril-dia-internacional-do-jazz\/\"]}]},{\"@type\":\"BreadcrumbList\",\"@id\":\"https:\/\/flaviapereira.com\/index.php\/2026\/04\/30\/30-de-abril-dia-internacional-do-jazz\/#breadcrumb\",\"itemListElement\":[{\"@type\":\"ListItem\",\"position\":1,\"name\":\"Home\",\"item\":\"https:\/\/flaviapereira.com\/\"},{\"@type\":\"ListItem\",\"position\":2,\"name\":\"30 de abril: Dia Internacional do Jazz\"}]},{\"@type\":\"WebSite\",\"@id\":\"https:\/\/flaviapereira.com\/#website\",\"url\":\"https:\/\/flaviapereira.com\/\",\"name\":\"\",\"description\":\"\",\"potentialAction\":[{\"@type\":\"SearchAction\",\"target\":{\"@type\":\"EntryPoint\",\"urlTemplate\":\"https:\/\/flaviapereira.com\/?s={search_term_string}\"},\"query-input\":{\"@type\":\"PropertyValueSpecification\",\"valueRequired\":true,\"valueName\":\"search_term_string\"}}],\"inLanguage\":\"pt-BR\"},{\"@type\":\"Person\",\"@id\":\"https:\/\/flaviapereira.com\/#\/schema\/person\/89c2708ac1e101a7b9c2985c7a38b4a6\",\"name\":\"FlaP\u00ea\",\"image\":{\"@type\":\"ImageObject\",\"inLanguage\":\"pt-BR\",\"@id\":\"https:\/\/flaviapereira.com\/#\/schema\/person\/image\/\",\"url\":\"https:\/\/flaviapereira.com\/wp-content\/litespeed\/avatar\/01083e04261ebb90710d86f186a988fb.jpg?ver=1777426300\",\"contentUrl\":\"https:\/\/flaviapereira.com\/wp-content\/litespeed\/avatar\/01083e04261ebb90710d86f186a988fb.jpg?ver=1777426300\",\"caption\":\"FlaP\u00ea\"},\"sameAs\":[\"http:\/\/flaviapereira.com\"],\"url\":\"https:\/\/flaviapereira.com\/index.php\/author\/flaviapereira-com\/\"}]}<\/script>\n<!-- \/ Yoast SEO plugin. -->","yoast_head_json":{"title":"30 de abril: Dia Internacional do Jazz -","robots":{"index":"index","follow":"follow","max-snippet":"max-snippet:-1","max-image-preview":"max-image-preview:large","max-video-preview":"max-video-preview:-1"},"canonical":"https:\/\/flaviapereira.com\/index.php\/2026\/04\/30\/30-de-abril-dia-internacional-do-jazz\/","og_locale":"pt_BR","og_type":"article","og_title":"30 de abril: Dia Internacional do Jazz -","og_description":"Desde 2011, o dia 30 de abril \u00e9 o Dia Internacional do Jazz, uma ideia que nasceu atrav\u00e9s da UNESCO, junto do pianista Herbie Hancock. O jazz surgiu em Nova &hellip; Continue reading30 de abril: Dia Internacional do Jazz","og_url":"https:\/\/flaviapereira.com\/index.php\/2026\/04\/30\/30-de-abril-dia-internacional-do-jazz\/","article_published_time":"2026-04-30T12:10:46+00:00","author":"FlaP\u00ea","twitter_card":"summary_large_image","twitter_misc":{"Escrito por":"FlaP\u00ea","Est. tempo de leitura":"2 minutos"},"schema":{"@context":"https:\/\/schema.org","@graph":[{"@type":"Article","@id":"https:\/\/flaviapereira.com\/index.php\/2026\/04\/30\/30-de-abril-dia-internacional-do-jazz\/#article","isPartOf":{"@id":"https:\/\/flaviapereira.com\/index.php\/2026\/04\/30\/30-de-abril-dia-internacional-do-jazz\/"},"author":{"name":"FlaP\u00ea","@id":"https:\/\/flaviapereira.com\/#\/schema\/person\/89c2708ac1e101a7b9c2985c7a38b4a6"},"headline":"30 de abril: Dia Internacional do Jazz","datePublished":"2026-04-30T12:10:46+00:00","mainEntityOfPage":{"@id":"https:\/\/flaviapereira.com\/index.php\/2026\/04\/30\/30-de-abril-dia-internacional-do-jazz\/"},"wordCount":275,"commentCount":0,"keywords":["dia do jazz","dia internacional do jazz","flap\u00ea","jazz","jazz dance"],"articleSection":["Blog"],"inLanguage":"pt-BR","potentialAction":[{"@type":"CommentAction","name":"Comment","target":["https:\/\/flaviapereira.com\/index.php\/2026\/04\/30\/30-de-abril-dia-internacional-do-jazz\/#respond"]}]},{"@type":"WebPage","@id":"https:\/\/flaviapereira.com\/index.php\/2026\/04\/30\/30-de-abril-dia-internacional-do-jazz\/","url":"https:\/\/flaviapereira.com\/index.php\/2026\/04\/30\/30-de-abril-dia-internacional-do-jazz\/","name":"30 de abril: Dia Internacional do Jazz -","isPartOf":{"@id":"https:\/\/flaviapereira.com\/#website"},"datePublished":"2026-04-30T12:10:46+00:00","author":{"@id":"https:\/\/flaviapereira.com\/#\/schema\/person\/89c2708ac1e101a7b9c2985c7a38b4a6"},"breadcrumb":{"@id":"https:\/\/flaviapereira.com\/index.php\/2026\/04\/30\/30-de-abril-dia-internacional-do-jazz\/#breadcrumb"},"inLanguage":"pt-BR","potentialAction":[{"@type":"ReadAction","target":["https:\/\/flaviapereira.com\/index.php\/2026\/04\/30\/30-de-abril-dia-internacional-do-jazz\/"]}]},{"@type":"BreadcrumbList","@id":"https:\/\/flaviapereira.com\/index.php\/2026\/04\/30\/30-de-abril-dia-internacional-do-jazz\/#breadcrumb","itemListElement":[{"@type":"ListItem","position":1,"name":"Home","item":"https:\/\/flaviapereira.com\/"},{"@type":"ListItem","position":2,"name":"30 de abril: Dia Internacional do Jazz"}]},{"@type":"WebSite","@id":"https:\/\/flaviapereira.com\/#website","url":"https:\/\/flaviapereira.com\/","name":"","description":"","potentialAction":[{"@type":"SearchAction","target":{"@type":"EntryPoint","urlTemplate":"https:\/\/flaviapereira.com\/?s={search_term_string}"},"query-input":{"@type":"PropertyValueSpecification","valueRequired":true,"valueName":"search_term_string"}}],"inLanguage":"pt-BR"},{"@type":"Person","@id":"https:\/\/flaviapereira.com\/#\/schema\/person\/89c2708ac1e101a7b9c2985c7a38b4a6","name":"FlaP\u00ea","image":{"@type":"ImageObject","inLanguage":"pt-BR","@id":"https:\/\/flaviapereira.com\/#\/schema\/person\/image\/","url":"https:\/\/flaviapereira.com\/wp-content\/litespeed\/avatar\/01083e04261ebb90710d86f186a988fb.jpg?ver=1777426300","contentUrl":"https:\/\/flaviapereira.com\/wp-content\/litespeed\/avatar\/01083e04261ebb90710d86f186a988fb.jpg?ver=1777426300","caption":"FlaP\u00ea"},"sameAs":["http:\/\/flaviapereira.com"],"url":"https:\/\/flaviapereira.com\/index.php\/author\/flaviapereira-com\/"}]}},"_links":{"self":[{"href":"https:\/\/flaviapereira.com\/index.php\/wp-json\/wp\/v2\/posts\/467","targetHints":{"allow":["GET"]}}],"collection":[{"href":"https:\/\/flaviapereira.com\/index.php\/wp-json\/wp\/v2\/posts"}],"about":[{"href":"https:\/\/flaviapereira.com\/index.php\/wp-json\/wp\/v2\/types\/post"}],"author":[{"embeddable":true,"href":"https:\/\/flaviapereira.com\/index.php\/wp-json\/wp\/v2\/users\/1"}],"replies":[{"embeddable":true,"href":"https:\/\/flaviapereira.com\/index.php\/wp-json\/wp\/v2\/comments?post=467"}],"version-history":[{"count":1,"href":"https:\/\/flaviapereira.com\/index.php\/wp-json\/wp\/v2\/posts\/467\/revisions"}],"predecessor-version":[{"id":468,"href":"https:\/\/flaviapereira.com\/index.php\/wp-json\/wp\/v2\/posts\/467\/revisions\/468"}],"wp:attachment":[{"href":"https:\/\/flaviapereira.com\/index.php\/wp-json\/wp\/v2\/media?parent=467"}],"wp:term":[{"taxonomy":"category","embeddable":true,"href":"https:\/\/flaviapereira.com\/index.php\/wp-json\/wp\/v2\/categories?post=467"},{"taxonomy":"post_tag","embeddable":true,"href":"https:\/\/flaviapereira.com\/index.php\/wp-json\/wp\/v2\/tags?post=467"}],"curies":[{"name":"wp","href":"https:\/\/api.w.org\/{rel}","templated":true}]}}